{"id":247,"date":"2020-05-19T12:02:27","date_gmt":"2020-05-19T11:02:27","guid":{"rendered":"http:\/\/efb.at\/?p=247"},"modified":"2021-01-02T14:48:29","modified_gmt":"2021-01-02T13:48:29","slug":"gerhard-leitner-1951-2020","status":"publish","type":"post","link":"https:\/\/efb.at\/?p=247","title":{"rendered":"Gerhard Leitner (1951-2020)"},"content":{"rendered":"\n<figure class=\"wp-block-image\"><img decoding=\"async\" src=\"https:\/\/www.parlament.gv.at\/hd-bild.jpg?portlet=download&amp;step=download&amp;id=9830613e-033d-4dca-8678-16d87db79350\" alt=\"Portraitaufnahme des Bundesratsmitglieds\"\/><figcaption>Dr. Gerhard Leitner, \u00a9 Parlamentsdirektion \/ PHOTO SIMONIS<\/figcaption><\/figure>\n\n\n\n<p>Mit gro\u00dfer Betroffenheit haben wir vom Ableben des fr\u00fcheren Pr\u00e4sidenten der EFB K\u00e4rnten, Herrn Ing. Mag. Dr. Gerhard Leitner, am 19. Mai 2020 erfahren.<\/p>\n\n\n\n<p>Gerhard Leitner hat bis M\u00e4rz 2017 unseren Landesverband K\u00e4rnten geleitet. Politisch war er als Gemeinderat in Klagenfurt und bis zuletzt als Mitglied des Bundesrates t\u00e4tig. Die Arbeit des Europahauses K\u00e4rnten hat er \u00fcber viele Jahre als Vorstandsmitglied unterst\u00fctzt. Er verbreitete mit gro\u00dfem Engagement und einer liebensw\u00fcrdigen Art einen verbindenden europ\u00e4ischen Gedanken.<\/p>\n\n\n\n<p>Die EFB m\u00f6chte herzlich ihre Anteilnahme aussprechen. Wir w\u00fcnschen der Familie in diesen schweren Stunden viel Kraft und Hoffnung.<\/p>\n","protected":false},"excerpt":{"rendered":"<p>Mit gro\u00dfer Betroffenheit haben wir vom Ableben des fr\u00fcheren Pr\u00e4sidenten der EFB K\u00e4rnten, Herrn Ing. Mag. Dr. Gerhard Leitner, am 19. Mai 2020 erfahren. Gerhard Leitner hat bis M\u00e4rz 2017 unseren Landesverband K\u00e4rnten geleitet. Politisch war er als Gemeinderat in Klagenfurt und bis zuletzt als Mitglied des Bundesrates t\u00e4tig. Die [&hellip;]<\/p>\n","protected":false},"author":1,"featured_media":0,"comment_status":"closed","ping_status":"open","sticky":false,"template":"","format":"standard","meta":{"footnotes":""},"categories":[6],"tags":[],"class_list":["post-247","post","type-post","status-publish","format-standard","hentry","category-efb-osterreich"],"_links":{"self":[{"href":"https:\/\/efb.at\/index.php?rest_route=\/wp\/v2\/posts\/247","targetHints":{"allow":["GET"]}}],"collection":[{"href":"https:\/\/efb.at\/index.php?rest_route=\/wp\/v2\/posts"}],"about":[{"href":"https:\/\/efb.at\/index.php?rest_route=\/wp\/v2\/types\/post"}],"author":[{"embeddable":true,"href":"https:\/\/efb.at\/index.php?rest_route=\/wp\/v2\/users\/1"}],"replies":[{"embeddable":true,"href":"https:\/\/efb.at\/index.php?rest_route=%2Fwp%2Fv2%2Fcomments&post=247"}],"version-history":[{"count":1,"href":"https:\/\/efb.at\/index.php?rest_route=\/wp\/v2\/posts\/247\/revisions"}],"predecessor-version":[{"id":248,"href":"https:\/\/efb.at\/index.php?rest_route=\/wp\/v2\/posts\/247\/revisions\/248"}],"wp:attachment":[{"href":"https:\/\/efb.at\/index.php?rest_route=%2Fwp%2Fv2%2Fmedia&parent=247"}],"wp:term":[{"taxonomy":"category","embeddable":true,"href":"https:\/\/efb.at\/index.php?rest_route=%2Fwp%2Fv2%2Fcategories&post=247"},{"taxonomy":"post_tag","embeddable":true,"href":"https:\/\/efb.at\/index.php?rest_route=%2Fwp%2Fv2%2Ftags&post=247"}],"curies":[{"name":"wp","href":"https:\/\/api.w.org\/{rel}","templated":true}]}}