{"id":323,"date":"2021-01-16T18:28:53","date_gmt":"2021-01-16T17:28:53","guid":{"rendered":"https:\/\/efb.at\/?p=323"},"modified":"2021-01-16T18:29:05","modified_gmt":"2021-01-16T17:29:05","slug":"ep-sonderausschuss-ist-nicht-zensur-sondern-verteidigt-unsere-werte","status":"publish","type":"post","link":"https:\/\/efb.at\/?p=323","title":{"rendered":"EP-Sonderausschuss ist nicht Zensur, sondern verteidigt unsere Werte"},"content":{"rendered":"\n<figure class=\"wp-block-image size-large\"><img loading=\"lazy\" decoding=\"async\" width=\"1024\" height=\"575\" src=\"https:\/\/efb.at\/wp-content\/uploads\/2021\/01\/Bildschirmfoto-2021-01-16-um-17.45.26-1024x575.png\" alt=\"\" class=\"wp-image-324\" srcset=\"https:\/\/efb.at\/wp-content\/uploads\/2021\/01\/Bildschirmfoto-2021-01-16-um-17.45.26-1024x575.png 1024w, https:\/\/efb.at\/wp-content\/uploads\/2021\/01\/Bildschirmfoto-2021-01-16-um-17.45.26-300x168.png 300w, https:\/\/efb.at\/wp-content\/uploads\/2021\/01\/Bildschirmfoto-2021-01-16-um-17.45.26-768x431.png 768w, https:\/\/efb.at\/wp-content\/uploads\/2021\/01\/Bildschirmfoto-2021-01-16-um-17.45.26-1536x862.png 1536w, https:\/\/efb.at\/wp-content\/uploads\/2021\/01\/Bildschirmfoto-2021-01-16-um-17.45.26.png 1750w\" sizes=\"auto, (max-width: 1024px) 100vw, 1024px\" \/><\/figure>\n\n\n\n<p>Otmar Lahodynsky, Pr\u00e4sident der Association of European Journalists und profilierter Euroa- und Au\u00dfenpolitikjournalist hat am 16. Januar 2021 in einem Online-Liveformat ein <strong>Hintergrundgespr\u00e4ch mit EFB-Pr\u00e4sidenten Lukas Mandl, MEP zum Sonderausschuss \u201e\u00fcber ausl\u00e4ndische Einmischung in alle demokratischen Prozesse in der Europ\u00e4ischen Union, inklusive Desinformation\u201c des Europ\u00e4ischen Parlaments<\/strong> gef\u00fchrt. Der im September 2020 gestarteten Sonderausschuss besch\u00e4ftigt sich unter anderem mit Fake News, Wahlbeeinflussung aus dem Ausland und Cyber-Angriffen.<\/p>\n\n\n\n<p>Im kurzweiligen Gespr\u00e4ch pr\u00e4sentierte Mandl eine Reihe an Ma\u00dfnahmen, die aktuell im Ausschuss zwischen den Fraktionen aber auch mit ausgewiesenen Experten diskutiert werden: Da im Schutze der Anonymit\u00e4t auf Social Media Botschaften und Aussagen kommuniziert werden, die man in der \u00d6ffentlichkeit nie sagen w\u00fcrde, brauche es eine Klarnamen-Pflicht. Auch m\u00fcssten in Zusammenarbeit mit den Betreibern von Social-Media-Plattformen Ausschilderungen jener Inhalte geschaffen werden, die journalistisch recherchiert wurden.<\/p>\n\n\n\n<p>Insgesamt sei das als &#8222;INGE&#8220; abgek\u00fcrzte tempor\u00e4re Gremium <strong>kein Zensurausschuss sondern verteidige europ\u00e4ische Werte wie Meinungsfreiheit und journalistische Freiheiten<\/strong>.<\/p>\n\n\n\n<p>Das volle Gespr\u00e4ch kann digital auf <a href=\"https:\/\/www.facebook.com\/218246015015376\/videos\/871725773606985\">Facebook<\/a> und <a href=\"https:\/\/www.youtube.com\/watch?v=HEHmwIK1DhY\">YouTube<\/a> nachgesehen werden.<\/p>\n","protected":false},"excerpt":{"rendered":"<p>Otmar Lahodynsky, Pr\u00e4sident der Association of European Journalists und profilierter Euroa- und Au\u00dfenpolitikjournalist hat am 16. Januar 2021 in einem Online-Liveformat ein Hintergrundgespr\u00e4ch mit EFB-Pr\u00e4sidenten Lukas Mandl, MEP zum Sonderausschuss \u201e\u00fcber ausl\u00e4ndische Einmischung in alle demokratischen Prozesse in der Europ\u00e4ischen Union, inklusive Desinformation\u201c des Europ\u00e4ischen Parlaments gef\u00fchrt. Der im September [&hellip;]<\/p>\n","protected":false},"author":1,"featured_media":0,"comment_status":"closed","ping_status":"open","sticky":false,"template":"","format":"standard","meta":{"footnotes":""},"categories":[6],"tags":[],"class_list":["post-323","post","type-post","status-publish","format-standard","hentry","category-efb-osterreich"],"_links":{"self":[{"href":"https:\/\/efb.at\/index.php?rest_route=\/wp\/v2\/posts\/323","targetHints":{"allow":["GET"]}}],"collection":[{"href":"https:\/\/efb.at\/index.php?rest_route=\/wp\/v2\/posts"}],"about":[{"href":"https:\/\/efb.at\/index.php?rest_route=\/wp\/v2\/types\/post"}],"author":[{"embeddable":true,"href":"https:\/\/efb.at\/index.php?rest_route=\/wp\/v2\/users\/1"}],"replies":[{"embeddable":true,"href":"https:\/\/efb.at\/index.php?rest_route=%2Fwp%2Fv2%2Fcomments&post=323"}],"version-history":[{"count":1,"href":"https:\/\/efb.at\/index.php?rest_route=\/wp\/v2\/posts\/323\/revisions"}],"predecessor-version":[{"id":325,"href":"https:\/\/efb.at\/index.php?rest_route=\/wp\/v2\/posts\/323\/revisions\/325"}],"wp:attachment":[{"href":"https:\/\/efb.at\/index.php?rest_route=%2Fwp%2Fv2%2Fmedia&parent=323"}],"wp:term":[{"taxonomy":"category","embeddable":true,"href":"https:\/\/efb.at\/index.php?rest_route=%2Fwp%2Fv2%2Fcategories&post=323"},{"taxonomy":"post_tag","embeddable":true,"href":"https:\/\/efb.at\/index.php?rest_route=%2Fwp%2Fv2%2Ftags&post=323"}],"curies":[{"name":"wp","href":"https:\/\/api.w.org\/{rel}","templated":true}]}}