{"id":365,"date":"2021-03-17T13:14:45","date_gmt":"2021-03-17T12:14:45","guid":{"rendered":"https:\/\/efb.at\/?p=365"},"modified":"2021-03-18T12:30:56","modified_gmt":"2021-03-18T11:30:56","slug":"unser-foderales-souveranes-und-demokratisches-europa-2","status":"publish","type":"post","link":"https:\/\/efb.at\/?p=365","title":{"rendered":"Unser f\u00f6derales, souver\u00e4nes und demokratisches Europa"},"content":{"rendered":"\n<figure class=\"wp-block-image\"><a href=\"https:\/\/www.eunews.it\/wp-content\/uploads\/2018\/05\/EuropaLab1.jpg\"><img decoding=\"async\" src=\"https:\/\/www.eunews.it\/wp-content\/uploads\/2018\/05\/EuropaLab1-1024x396.jpg\" alt=\"\"\/><\/a><\/figure>\n\n\n\n<h1 class=\"wp-block-heading\"><\/h1>\n\n\n\n<p>(maschinell aus dem italienischen \u00fcbersetzt)<\/p>\n\n\n\n<p>12. M\u00e4rz 2021<a href=\"javascript:window.print();\"><\/a><a href=\"mailto:?subject=Eunews&amp;body=https:\/\/www.eunews.it\/?p=144385\"><\/a><a rel=\"noreferrer noopener\" target=\"_blank\" href=\"https:\/\/www.facebook.com\/sharer\/sharer.php?u=https:\/\/www.eunews.it\/?p=144385\"><\/a><a rel=\"noreferrer noopener\" target=\"_blank\" href=\"https:\/\/twitter.com\/share?text=La%20nostra%20Europa%20federale,%20sovrana%20e%20democratica&amp;via=eunewsit&amp;url=https:\/\/www.eunews.it\/?p=144385\"><\/a><\/p>\n\n\n\n<p>Wir freuen uns \u00fcber diesen Appell der Union der Europ\u00e4ischen F\u00f6deralisten und der Spinelli-Gruppe, der nach der Unterzeichnung der drei Pr\u00e4sidenten zur Er\u00f6ffnung der Konferenz \u00fcber die Zukunft Europas in Umlauf gebracht wurde.<\/p>\n\n\n\n<p><strong>In Zeiten gro\u00dfer Ver\u00e4nderungen<\/strong>m\u00fcssen Gemeinschaften, die neue Prozesse steuern und nicht in einen irreversiblen Niedergang verfallen wollen, in der Lage sein, ihre Institutionen anzupassen. Die Europ\u00e4ische Union hat nach dem Ende des Kalten Krieges ihre Institutionen mit einem entscheidenden ersten Schritt durch die Schaffung der W\u00e4hrungsunion angepasst; aber sie konnte sich nicht auf eine echte Steuer- und Sozialpolitik f\u00fcr den Euro einigen. Sp\u00e4ter, mit dem Vertrag von Lissabon, st\u00e4rkte er die legislative Rolle des Europ\u00e4ischen Parlaments, aber wieder gelang es ihm nicht, eine echte wirtschaftliche und politische Union zur Vollendung des Euro zu schaffen.<\/p>\n\n\n\n<p>Infolgedessen fehlten der Europ\u00e4ischen Union die geeigneten Instrumente, um wirksam auf die Herausforderungen und Krisen des fr\u00fchen 21. Jahrhunderts zu reagieren: den Finanzcrash von 2008, die Migrationsstr\u00f6me von 2015-2016, den Aufstieg des nationalen Populismus bis zum Brexit-Referendum 2016. Dies hat auch zu einer St\u00e4rkung der Rolle der nationalen Regierungen gef\u00fchrt \u2013 einschlie\u00dflich einer \u00fcberm\u00e4\u00dfigen Machtkonzentration im Europ\u00e4ischen Rat, die durch l\u00e4nder\u00fcbergreifende Vetos blockiert wird \u2013 und zur chronischen Unf\u00e4higkeit, eine gemeinsame Au\u00dfenpolitik zu entwickeln, die in der Lage ist, die gemeinsamen strategischen Interessen Europas zu f\u00f6rdern.<\/p>\n\n\n\n<p>Heute jedoch leben wir eine andere Geschichte. Angesichts einer beispiellosen Gesundheitskrise und des Zusammenbruchs seiner Volkswirtschaften reagierte Europa gemeinsam, zeigte einen neuen politischen Willen und zeigte den Weg f\u00fcr die Zukunft der europ\u00e4ischen Integration: Es legte die Grundlagen f\u00fcr ein Europa der Gesundheit mit einer beispiellosen gemeinsamen Impfstrategie und schuf einen Konjunkturplan, der durch eine gemeinsame Verschuldung finanziert wurde, die durch europ\u00e4ische Steuern auf digitale und finanzielle Giganten und umweltsch\u00e4dliche Emissionen zur\u00fcckgezahlt werden muss. Dies ist ein f\u00f6deraler Plan, der dauerhaft werden muss, weil er einen gro\u00dfen Sprung f\u00fcr die Europ\u00e4ische Union in Richtung der Schaffung einer Finanz- und Fiskalunion macht, die in der Lage ist, die europ\u00e4ische Souver\u00e4nit\u00e4t sowohl nach innen als auch nach au\u00dfen zu behaupten.<\/p>\n\n\n\n<p>Vor diesem Hintergrund blicken wir als europ\u00e4ische B\u00fcrgerinnen und B\u00fcrger jetzt mit gro\u00dfer Hoffnung auf den Beginn der Konferenz \u00fcber die Zukunft Europas. Es wird der beste Weg sein, B\u00fcrger, Vertreter der Zivilgesellschaft, NRO, Gewerkschaften, Vertreter nationaler und europ\u00e4ischer Institutionen zusammenzubringen, zu diskutieren und zu entscheiden, wie wir unsere Institutionen anpassen und den Aufbau unseres f\u00f6deralen Europas vollenden k\u00f6nnen: wobei eindeutig zu ber\u00fccksichtigen ist, dass die grundlegenden Entscheidungen \u00fcber gemeinsame Schulden und Steuern nicht unbegrenzt in den H\u00e4nden der nationalen Regierungen allein bleiben k\u00f6nnen. , aber sie m\u00fcssen effektiv, transparent und demokratisch behandelt werden.<\/p>\n\n\n\n<p>Heute brauchen und wollen wir eine starke und legitimierte politische Union, die \u00fcber die notwendigen finanziellen Mittel verf\u00fcgt und in der Lage ist, sich den gro\u00dfen transnationalen Herausforderungen unserer Zeit zu stellen, um in einer breiten Palette von Politiken wirksam zu handeln, die vom Klimawandel \u00fcber wachsende soziale Ungleichheiten, Gesundheit und Migration bis hin zu Ausw\u00e4rtigen Angelegenheiten und Verteidigung reichen. Deshalb fordern wir auch die St\u00e4rkung der Demokratie auf europ\u00e4ischer Ebene mit echten europ\u00e4ischen politischen Parteien und echten europ\u00e4ischen Wahlk\u00e4mpfen, an denen ein gesamteurop\u00e4ischer Wahlkreis mit transnationalen Listen beteiligt ist, die von Kandidaten f\u00fcr den Vorsitz der Europ\u00e4ischen Kommission gef\u00fchrt werden.<\/p>\n\n\n\n<p>Wir k\u00e4mpfen f\u00fcr eine Union, die zugleich eine Schicksals- und Wertegemeinschaft und ein Modell f\u00fcr die geborene Welt ist: zu zeigen, wie man in Frieden lebt, transnationale und soziale Solidarit\u00e4t aufzubauen und den Schutz der Menschenrechte, der Rechtsstaatlichkeit und der Grundfreiheiten verbindlich zu machen.<\/p>\n\n\n\n<p><strong>Wir sind der festen \u00dcberzeugung, dass unsere Zukunft in einem demokratischen und souver\u00e4nen Europa liegt. Die Zeit, es zu erreichen, ist jetzt: jetzt oder nie. Lassen Sie uns diese Gelegenheit nicht vergeuden.<\/strong><\/p>\n\n\n\n<p>Erste Unterzeichner:<\/p>\n\n\n\n<p><strong>Sandro Gozi<\/strong><\/p>\n\n\n\n<p><em>Pr\u00e4sident der Union der Europ\u00e4ischen F\u00f6deralisten (UEF) und Mitglied des Europ\u00e4ischen Parlaments (Erneuerteuropa)<\/em><\/p>\n\n\n\n<p><strong>Brando Benifei<\/strong><\/p>\n\n\n\n<p><em>Vorsitzender der Spinelli-Fraktion und Mitglied des Europ\u00e4ischen Parlaments (Sozialisten &amp; Demokraten, S&amp;D)<\/em><\/p>\n\n\n\n<p><strong>Esteban Gonz\u00e9lez Pons<\/strong><\/p>\n\n\n\n<p><em>Stellvertretender Vorsitzender der Fraktion der Europ\u00e4ischen Volkspartei (EVP) im Europ\u00e4ischen Parlament<\/em><\/p>\n\n\n\n<p><strong>Danuta H\u00fcbner<\/strong><\/p>\n\n\n\n<p><em>ehemaliger EU-Kommissar, Sprecher der Fraktion der Europ\u00e4ischen Volkspartei im Ausschuss f\u00fcr konstitutionelle Fragen im Europ\u00e4ischen Parlament<\/em><\/p>\n\n\n\n<p><strong>Dom\u00e9nec Ruiz Devesa<\/strong><\/p>\n\n\n\n<p><em>Vizepr\u00e4sident der UEF und Sprecher der S&amp;D Fraktion im Ausschuss f\u00fcr konstitutionelle Fragen des Europ\u00e4ischen Parlaments.<\/em><\/p>\n\n\n\n<p><strong>Pascal Durand<\/strong><\/p>\n\n\n\n<p><em>Sprecher der Fraktion &#8222;Erneuerung Europa&#8220; im Ausschuss f\u00fcr konstitutionelle Fragen im Europ\u00e4ischen Parlament.<\/em><\/p>\n\n\n\n<p><strong>Daniel Freund<\/strong><\/p>\n\n\n\n<p><em>Mitglied des Europ\u00e4ischen Parlaments der Fraktion der Gr\u00fcnen\/Freie Europ\u00e4ische Allianz,<\/em>&nbsp;<em>Mitglied des Vorstands der Konferenz \u00fcber die Zukunft Europas<\/em><\/p>\n\n\n\n<p><strong>Damian Boeselager<\/strong><\/p>\n\n\n\n<p><em>Fraktionssprecher der Gr\u00fcnen\/Freie Europ\u00e4ische Allianz im<\/em>&nbsp;Ausschuss f\u00fcr konstitutionelle Fragen im Europ\u00e4ischen&nbsp;<em>Parlament<\/em><\/p>\n\n\n\n<p><strong><\/strong><strong>Dimitrios Papadimoulis<\/strong><\/p>\n\n\n\n<p><em>Vizepr\u00e4sident des Europ\u00e4ischen Parlaments, Gue\/NGL Linksfraktion<\/em><\/p>\n","protected":false},"excerpt":{"rendered":"<p>(maschinell aus dem italienischen \u00fcbersetzt) 12. M\u00e4rz 2021 Wir freuen uns \u00fcber diesen Appell der Union der Europ\u00e4ischen F\u00f6deralisten und der Spinelli-Gruppe, der nach der Unterzeichnung der drei Pr\u00e4sidenten zur Er\u00f6ffnung der Konferenz \u00fcber die Zukunft Europas in Umlauf gebracht wurde. In Zeiten gro\u00dfer Ver\u00e4nderungenm\u00fcssen Gemeinschaften, die neue Prozesse steuern [&hellip;]<\/p>\n","protected":false},"author":4,"featured_media":0,"comment_status":"closed","ping_status":"open","sticky":false,"template":"","format":"standard","meta":{"footnotes":""},"categories":[1],"tags":[],"class_list":["post-365","post","type-post","status-publish","format-standard","hentry","category-efb-at"],"_links":{"self":[{"href":"https:\/\/efb.at\/index.php?rest_route=\/wp\/v2\/posts\/365","targetHints":{"allow":["GET"]}}],"collection":[{"href":"https:\/\/efb.at\/index.php?rest_route=\/wp\/v2\/posts"}],"about":[{"href":"https:\/\/efb.at\/index.php?rest_route=\/wp\/v2\/types\/post"}],"author":[{"embeddable":true,"href":"https:\/\/efb.at\/index.php?rest_route=\/wp\/v2\/users\/4"}],"replies":[{"embeddable":true,"href":"https:\/\/efb.at\/index.php?rest_route=%2Fwp%2Fv2%2Fcomments&post=365"}],"version-history":[{"count":2,"href":"https:\/\/efb.at\/index.php?rest_route=\/wp\/v2\/posts\/365\/revisions"}],"predecessor-version":[{"id":367,"href":"https:\/\/efb.at\/index.php?rest_route=\/wp\/v2\/posts\/365\/revisions\/367"}],"wp:attachment":[{"href":"https:\/\/efb.at\/index.php?rest_route=%2Fwp%2Fv2%2Fmedia&parent=365"}],"wp:term":[{"taxonomy":"category","embeddable":true,"href":"https:\/\/efb.at\/index.php?rest_route=%2Fwp%2Fv2%2Fcategories&post=365"},{"taxonomy":"post_tag","embeddable":true,"href":"https:\/\/efb.at\/index.php?rest_route=%2Fwp%2Fv2%2Ftags&post=365"}],"curies":[{"name":"wp","href":"https:\/\/api.w.org\/{rel}","templated":true}]}}