{"id":463,"date":"2022-04-27T14:17:51","date_gmt":"2022-04-27T13:17:51","guid":{"rendered":"https:\/\/efb.at\/?p=463"},"modified":"2022-04-27T14:18:16","modified_gmt":"2022-04-27T13:18:16","slug":"1-europa-cafe-2022-im-cafe-korb","status":"publish","type":"post","link":"https:\/\/efb.at\/?p=463","title":{"rendered":"Einladung zur Veranstaltung der EFB Wien"},"content":{"rendered":"\n<p>Sehr geehrte Damen und Herren,<\/p>\n\n\n\n<p>Liebe Freund*innen der Europ\u00e4ischen F\u00f6deralisten,<\/p>\n\n\n\n<p>Anl\u00e4sslich des Europatages 2022 l\u00e4dt die EFB Wien herzlich zum Expert*innen-Dialog ein:<\/p>\n\n\n\n<p><strong>EU digital \u2013 grenzenlose Freiheit oder totale \u00dcberwachung?<\/strong><\/p>\n\n\n\n<p>Diskutieren Sie mit Dr.<sup>in<\/sup> Eva Lichtenberger und DI Helmut Leopold Herausforderungen und Potenziale der Digitalisierung.<\/p>\n\n\n\n<p>Die Expert*innen:<\/p>\n\n\n\n<div class=\"wp-block-columns are-vertically-aligned-center is-layout-flex wp-container-core-columns-is-layout-28f84493 wp-block-columns-is-layout-flex\">\n<div class=\"wp-block-column is-vertically-aligned-center is-layout-flow wp-block-column-is-layout-flow\" style=\"flex-basis:100%\">\n<figure class=\"wp-block-table\"><table><tbody><tr><td><\/td><td><\/td><td><\/td><td><strong><br><img decoding=\"async\" src=\"https:\/\/efb.at\/wp-content\/uploads\/2022\/03\/Eva_Lichtenberger.jpg\" alt=\"Dieses Bild hat ein leeres Alt-Attribut. Der Dateiname ist Eva_Lichtenberger.jpg\"> Dr.<sup>in<\/sup> Eva Lichtenberger<\/strong> ist Vizepr\u00e4sidentin der Europ\u00e4ischen F\u00f6deralistischen Bewegung und ehemaliges Mitglied des Europ\u00e4ischen Parlaments. Im europ\u00e4ischen Dachverband <a href=\"https:\/\/www.federalists.eu\/de\/uef\/\">UEF<\/a> leitet sie die Political Commission 5 Digitalisierung &amp; Klimaschutz.<br><\/td><\/tr><tr><td><\/td><td><\/td><td><\/td><td><strong>&nbsp;<\/strong><img decoding=\"async\" src=\"https:\/\/www.ait.ac.at\/fileadmin\/mc\/digital_safety_security\/images\/leopold-helmut_2020_02.jpg\" alt=\"Dieses Bild hat ein leeres Alt-Attribut. Der Dateiname ist leopold-helmut_2020_02.jpg\"> <strong>DI Helmut Leopold<\/strong> ist seit 2009 Head of Center for Digital Safety &amp; Security am <strong>AIT<\/strong> Austrian Institute of Technology. In dieser Rolle verantwortet er wesentliche Forschungsschwerpunkte im Bereich der Digitalisierung zu Schl\u00fcsseltechnologien wie IT-Sicherheit, Data Science, Blockchain, und k\u00fcnstliche Intelligenz.<\/td><\/tr><\/tbody><\/table><\/figure>\n<\/div>\n<\/div>\n\n\n\n<p>Wo: <strong>Europazentrum, Lassingleithnerplatz 2\/3, 1020 Wien<\/strong><\/p>\n\n\n\n<p>Wann: <strong><mark style=\"background-color:rgba(0, 0, 0, 0)\" class=\"has-inline-color has-black-color\">Mittwoch<\/mark>, 4. Mai 2022, 19:00 Uhr <\/strong><\/p>\n\n\n\n<p>Die Veranstaltung findet hybrid statt, d.h. auch eine Online-Teilnahme ist m\u00f6glich- Der Link wird zeitnah zugeschickt.<\/p>\n\n\n\n<p><strong>Wir ersuchen um Anmeldung unter<\/strong>: <a href=\"mailto:wolfgang.vevera@efb.at\">wolfgang.vevera@efb.at<\/a>. <strong>Bitte auch bei Online-Teilnahme, damit der Veranstaltungslink zugeschickt werden kann-vielen Dank!<\/strong><\/p>\n\n\n\n<p>Wir freuen uns auf Ihr\/Euer Kommen!<\/p>\n\n\n\n<p>Mit f\u00f6deralistischen Gr\u00fc\u00dfen<\/p>\n\n\n\n<p>Alexandra Schantl<\/p>\n\n\n\n<p>Landesvorsitzende der<br>Europ\u00e4ischen F\u00f6deralistischen Bewegung Wien<\/p>\n","protected":false},"excerpt":{"rendered":"<p>Sehr geehrte Damen und Herren, Liebe Freund*innen der Europ\u00e4ischen F\u00f6deralisten, Anl\u00e4sslich des Europatages 2022 l\u00e4dt die EFB Wien herzlich zum Expert*innen-Dialog ein: EU digital \u2013 grenzenlose Freiheit oder totale \u00dcberwachung? Diskutieren Sie mit Dr.in Eva Lichtenberger und DI Helmut Leopold Herausforderungen und Potenziale der Digitalisierung. Die Expert*innen: Dr.in Eva Lichtenberger [&hellip;]<\/p>\n","protected":false},"author":4,"featured_media":0,"comment_status":"closed","ping_status":"open","sticky":false,"template":"","format":"standard","meta":{"footnotes":""},"categories":[1],"tags":[],"class_list":["post-463","post","type-post","status-publish","format-standard","hentry","category-efb-at"],"_links":{"self":[{"href":"https:\/\/efb.at\/index.php?rest_route=\/wp\/v2\/posts\/463","targetHints":{"allow":["GET"]}}],"collection":[{"href":"https:\/\/efb.at\/index.php?rest_route=\/wp\/v2\/posts"}],"about":[{"href":"https:\/\/efb.at\/index.php?rest_route=\/wp\/v2\/types\/post"}],"author":[{"embeddable":true,"href":"https:\/\/efb.at\/index.php?rest_route=\/wp\/v2\/users\/4"}],"replies":[{"embeddable":true,"href":"https:\/\/efb.at\/index.php?rest_route=%2Fwp%2Fv2%2Fcomments&post=463"}],"version-history":[{"count":5,"href":"https:\/\/efb.at\/index.php?rest_route=\/wp\/v2\/posts\/463\/revisions"}],"predecessor-version":[{"id":478,"href":"https:\/\/efb.at\/index.php?rest_route=\/wp\/v2\/posts\/463\/revisions\/478"}],"wp:attachment":[{"href":"https:\/\/efb.at\/index.php?rest_route=%2Fwp%2Fv2%2Fmedia&parent=463"}],"wp:term":[{"taxonomy":"category","embeddable":true,"href":"https:\/\/efb.at\/index.php?rest_route=%2Fwp%2Fv2%2Fcategories&post=463"},{"taxonomy":"post_tag","embeddable":true,"href":"https:\/\/efb.at\/index.php?rest_route=%2Fwp%2Fv2%2Ftags&post=463"}],"curies":[{"name":"wp","href":"https:\/\/api.w.org\/{rel}","templated":true}]}}