{"id":507,"date":"2023-08-22T15:50:22","date_gmt":"2023-08-22T14:50:22","guid":{"rendered":"https:\/\/efb.at\/?p=507"},"modified":"2024-11-17T22:52:41","modified_gmt":"2024-11-17T21:52:41","slug":"efb-oesterreich-in-trauer-um-josef-schantl","status":"publish","type":"post","link":"https:\/\/efb.at\/?p=507","title":{"rendered":"EFB \u00d6sterreich in Trauer um Josef Schantl"},"content":{"rendered":"\n<figure class=\"wp-block-image size-full\"><img loading=\"lazy\" decoding=\"async\" width=\"773\" height=\"773\" src=\"https:\/\/efb.at\/wp-content\/uploads\/2023\/08\/WhatsApp-Image-2023-08-22-at-16.40.54.jpeg\" alt=\"\" class=\"wp-image-509\"\/><\/figure>\n\n\n\n<p>Der fr\u00fchere Pr\u00e4sident des K\u00e4rntner Landtags Josef Schantl ist im August 2023 im Alter von 94 Jahren verstorben. Josef Schantl war von 1983 bis 1989 Erster Pr\u00e4sident des K\u00e4rntner Landtags, \u00fcber 40 Jahre stellvertretender Vorsitzender des Europahauses K\u00e4rnten und 15 Jahre Pr\u00e4sident der Europah\u00e4user \u00d6sterreichs. Josef war Tr\u00e4ger der goldenen Ehrennadel der EFB \u00d6sterreich. Behalten wir ihm ein ehrendes Andenken!<\/p>\n\n\n\n<figure class=\"wp-block-image size-full\"><img loading=\"lazy\" decoding=\"async\" width=\"772\" height=\"473\" src=\"https:\/\/efb.at\/wp-content\/uploads\/2023\/08\/1200443-A-20230822_150302.jpg\" alt=\"\" class=\"wp-image-508\"\/><\/figure>\n\n\n\n<p><\/p>\n","protected":false},"excerpt":{"rendered":"<p>Der fr\u00fchere Pr\u00e4sident des K\u00e4rntner Landtags Josef Schantl ist im August 2023 im Alter von 94 Jahren verstorben. Josef Schantl war von 1983 bis 1989 Erster Pr\u00e4sident des K\u00e4rntner Landtags, \u00fcber 40 Jahre stellvertretender Vorsitzender des Europahauses K\u00e4rnten und 15 Jahre Pr\u00e4sident der Europah\u00e4user \u00d6sterreichs. Josef war Tr\u00e4ger der goldenen [&hellip;]<\/p>\n","protected":false},"author":1,"featured_media":509,"comment_status":"closed","ping_status":"closed","sticky":false,"template":"","format":"standard","meta":{"footnotes":""},"categories":[1],"tags":[],"class_list":["post-507","post","type-post","status-publish","format-standard","has-post-thumbnail","hentry","category-efb-at"],"_links":{"self":[{"href":"https:\/\/efb.at\/index.php?rest_route=\/wp\/v2\/posts\/507","targetHints":{"allow":["GET"]}}],"collection":[{"href":"https:\/\/efb.at\/index.php?rest_route=\/wp\/v2\/posts"}],"about":[{"href":"https:\/\/efb.at\/index.php?rest_route=\/wp\/v2\/types\/post"}],"author":[{"embeddable":true,"href":"https:\/\/efb.at\/index.php?rest_route=\/wp\/v2\/users\/1"}],"replies":[{"embeddable":true,"href":"https:\/\/efb.at\/index.php?rest_route=%2Fwp%2Fv2%2Fcomments&post=507"}],"version-history":[{"count":1,"href":"https:\/\/efb.at\/index.php?rest_route=\/wp\/v2\/posts\/507\/revisions"}],"predecessor-version":[{"id":510,"href":"https:\/\/efb.at\/index.php?rest_route=\/wp\/v2\/posts\/507\/revisions\/510"}],"wp:featuredmedia":[{"embeddable":true,"href":"https:\/\/efb.at\/index.php?rest_route=\/wp\/v2\/media\/509"}],"wp:attachment":[{"href":"https:\/\/efb.at\/index.php?rest_route=%2Fwp%2Fv2%2Fmedia&parent=507"}],"wp:term":[{"taxonomy":"category","embeddable":true,"href":"https:\/\/efb.at\/index.php?rest_route=%2Fwp%2Fv2%2Fcategories&post=507"},{"taxonomy":"post_tag","embeddable":true,"href":"https:\/\/efb.at\/index.php?rest_route=%2Fwp%2Fv2%2Ftags&post=507"}],"curies":[{"name":"wp","href":"https:\/\/api.w.org\/{rel}","templated":true}]}}