{"id":557,"date":"2024-10-09T22:57:00","date_gmt":"2024-10-09T21:57:00","guid":{"rendered":"https:\/\/efb.at\/?p=557"},"modified":"2024-11-17T22:58:55","modified_gmt":"2024-11-17T21:58:55","slug":"lukas-mandl-ist-neuer-praesident-der-spinelli-group","status":"publish","type":"post","link":"https:\/\/efb.at\/?p=557","title":{"rendered":"Lukas Mandl ist neuer Pr\u00e4sident der Spinelli Group"},"content":{"rendered":"\n<figure class=\"wp-block-image size-large\"><img loading=\"lazy\" decoding=\"async\" width=\"1024\" height=\"1024\" src=\"https:\/\/efb.at\/wp-content\/uploads\/2024\/11\/PR-Lukas-Mandl-President-Spinelli-Group-1-1024x1024.png\" alt=\"\" class=\"wp-image-558\" srcset=\"https:\/\/efb.at\/wp-content\/uploads\/2024\/11\/PR-Lukas-Mandl-President-Spinelli-Group-1-1024x1024.png 1024w, https:\/\/efb.at\/wp-content\/uploads\/2024\/11\/PR-Lukas-Mandl-President-Spinelli-Group-1-300x300.png 300w, https:\/\/efb.at\/wp-content\/uploads\/2024\/11\/PR-Lukas-Mandl-President-Spinelli-Group-1-150x150.png 150w, https:\/\/efb.at\/wp-content\/uploads\/2024\/11\/PR-Lukas-Mandl-President-Spinelli-Group-1-768x768.png 768w, https:\/\/efb.at\/wp-content\/uploads\/2024\/11\/PR-Lukas-Mandl-President-Spinelli-Group-1.png 1080w\" sizes=\"auto, (max-width: 1024px) 100vw, 1024px\" \/><\/figure>\n\n\n\n<p>Der Pr\u00e4sident der EFB \u00d6sterreich, Lukas Mandl, MEP (EPP), \u00fcbernimmt in der Rotation die Pr\u00e4sidentschaft der &#8222;Spinelli Group&#8220;, einer parlamentarischen Intergroup des Europ\u00e4ischen Parlaments. Die Ernennung erfolgte am 9. Oktober 2024 w\u00e4hrend der ersten Plenarwoche in Stra\u00dfburg. Lukas Mandl \u00fcbernimmt den Vorsitz von Sandro Gozi, MEP (Renew).<\/p>\n\n\n\n<p>Die Spinelli Group ist ein \u00fcberparteiliches Netzwerk von Mitgliedern des Europ\u00e4ischen Parlaments, die sich der Idee eines f\u00f6deralen Europas verbunden f\u00fchlen und aktiv entsprechende Mehrheiten suchen. Mandl setzt seinen Schwerpunkt auf die l\u00e4ngst \u00fcberf\u00e4llige EU-Vertragsreform.<\/p>\n\n\n\n<blockquote class=\"wp-block-quote is-layout-flow wp-block-quote-is-layout-flow\">\n<p>&#8222;Es hat nicht nur eine Ehre, in der Rotation f\u00fcr neun Monate den Vorsitz der Spinelli-Gruppe im Europaparlament zu \u00fcbernehmen. Es ist vor allem ein Auftrag. Die Latte liegt hoch. Denn wir wollen nicht weniger als die Reform der EU. Und wir d\u00fcrfen uns auch keinesfalls weniger vornehmen. Denn es stimmt, was Pr\u00e4sident Macron gesagt hat: Die EU ist sterblich.<br><br>&#8222;Das \u201eMemento mori\u201c geh\u00f6rt ja fest zur europ\u00e4ischen Geistesgeschichte. Um am Leben zu bleiben und ein vitales Leben f\u00fcr kommende Generationen m\u00f6glich zu machen, ist viel zu tun. Denn unsere Zivilisation ist unter Druck, von innen und au\u00dfen. Alle Kr\u00e4fte guten Willens sind angehalten, in Richtung Reform zu wirken, und m\u00fcssen vermeiden, sich gegenseitig auf Nebengleisen zu blockieren. Solchen Nebengleisen geh\u00f6rt gro\u00dfr\u00e4umig ausgewichen. Ich sch\u00e4tze das Level des Vertrauens in der \u00fcberparteilichen Zusammenarbeit in der Spinelli-Gruppe sehr.&#8220;<br><br>Lukas Mandl<\/p>\n<\/blockquote>\n","protected":false},"excerpt":{"rendered":"<p>Der Pr\u00e4sident der EFB \u00d6sterreich, Lukas Mandl, MEP (EPP), \u00fcbernimmt in der Rotation die Pr\u00e4sidentschaft der &#8222;Spinelli Group&#8220;, einer parlamentarischen Intergroup des Europ\u00e4ischen Parlaments. Die Ernennung erfolgte am 9. Oktober 2024 w\u00e4hrend der ersten Plenarwoche in Stra\u00dfburg. Lukas Mandl \u00fcbernimmt den Vorsitz von Sandro Gozi, MEP (Renew). Die Spinelli Group [&hellip;]<\/p>\n","protected":false},"author":1,"featured_media":558,"comment_status":"closed","ping_status":"closed","sticky":false,"template":"","format":"standard","meta":{"footnotes":""},"categories":[1],"tags":[],"class_list":["post-557","post","type-post","status-publish","format-standard","has-post-thumbnail","hentry","category-efb-at"],"_links":{"self":[{"href":"https:\/\/efb.at\/index.php?rest_route=\/wp\/v2\/posts\/557","targetHints":{"allow":["GET"]}}],"collection":[{"href":"https:\/\/efb.at\/index.php?rest_route=\/wp\/v2\/posts"}],"about":[{"href":"https:\/\/efb.at\/index.php?rest_route=\/wp\/v2\/types\/post"}],"author":[{"embeddable":true,"href":"https:\/\/efb.at\/index.php?rest_route=\/wp\/v2\/users\/1"}],"replies":[{"embeddable":true,"href":"https:\/\/efb.at\/index.php?rest_route=%2Fwp%2Fv2%2Fcomments&post=557"}],"version-history":[{"count":1,"href":"https:\/\/efb.at\/index.php?rest_route=\/wp\/v2\/posts\/557\/revisions"}],"predecessor-version":[{"id":559,"href":"https:\/\/efb.at\/index.php?rest_route=\/wp\/v2\/posts\/557\/revisions\/559"}],"wp:featuredmedia":[{"embeddable":true,"href":"https:\/\/efb.at\/index.php?rest_route=\/wp\/v2\/media\/558"}],"wp:attachment":[{"href":"https:\/\/efb.at\/index.php?rest_route=%2Fwp%2Fv2%2Fmedia&parent=557"}],"wp:term":[{"taxonomy":"category","embeddable":true,"href":"https:\/\/efb.at\/index.php?rest_route=%2Fwp%2Fv2%2Fcategories&post=557"},{"taxonomy":"post_tag","embeddable":true,"href":"https:\/\/efb.at\/index.php?rest_route=%2Fwp%2Fv2%2Ftags&post=557"}],"curies":[{"name":"wp","href":"https:\/\/api.w.org\/{rel}","templated":true}]}}