{"id":848,"date":"2026-05-26T22:12:05","date_gmt":"2026-05-26T21:12:05","guid":{"rendered":"https:\/\/efb.at\/?p=848"},"modified":"2026-08-17T22:22:43","modified_gmt":"2026-08-17T21:22:43","slug":"nachbericht-treffpunkt-europa-im-mai-2026","status":"publish","type":"post","link":"https:\/\/efb.at\/?p=848","title":{"rendered":"Nachbericht: Treffpunkt Europa im Mai 2026"},"content":{"rendered":"\n<p class=\"wp-block-paragraph\">Am 26. Mai 2026 fand zum zweiten Mal der Stammtisch der EFB Wien unter dem Titel &#8222;Treffpunkt Europa&#8220; im Caf\u00e9 Ministerium statt. Mag.a&nbsp;<strong>Susanne Weber<\/strong>, Stellvertretende Abteilungsleiterin zur Europakommunikation im Bundeskanzleramt, gab Einblicke in die T\u00e4tigkeit als zwischen den Ministerien koordinierende Kraft der Kommunikation europ\u00e4ischer Perspektiven und stellte unterschiedliche Ma\u00dfnahmen zur St\u00e4rkung des europ\u00e4ischen Bewusstseins vor. So werden unter anderem Europagemeinder\u00e4t*innen unterst\u00fctzt, um auf lokaler Ebene \u00fcber die europ\u00e4ischen Institutionen aufzukl\u00e4ren oder Initiativen, die von der EU gef\u00f6rderte Projekte als solche kennzeichnen, weiter ausgebaut. In der Diskussion wurde auch deutlich, dass eine erfolgreiche Europakommunikation bereits in den fr\u00fchen Lebensjahren der B\u00fcrger*innen beginnt und Kindern und Jugendlichen u.a. im Rahmen des Unterrichts die europ\u00e4ische, demokratische Idee n\u00e4hergebracht werden soll.&nbsp;<\/p>\n\n\n\n<p class=\"wp-block-paragraph\">Die EFB Wien freut sich \u00fcber einen informativen Austausch und bedankt sich bei allen Teilnehmer*innen f\u00fcr die engagierte Debatte.&nbsp;<\/p>\n\n\n\n<figure class=\"wp-block-image size-large\"><img loading=\"lazy\" decoding=\"async\" width=\"768\" height=\"1024\" src=\"https:\/\/efb.at\/wp-content\/uploads\/2026\/06\/TreffpunktEuropa_VA2-768x1024.jpg\" alt=\"\" class=\"wp-image-849\" srcset=\"https:\/\/efb.at\/wp-content\/uploads\/2026\/06\/TreffpunktEuropa_VA2-768x1024.jpg 768w, https:\/\/efb.at\/wp-content\/uploads\/2026\/06\/TreffpunktEuropa_VA2-225x300.jpg 225w, https:\/\/efb.at\/wp-content\/uploads\/2026\/06\/TreffpunktEuropa_VA2-1152x1536.jpg 1152w, https:\/\/efb.at\/wp-content\/uploads\/2026\/06\/TreffpunktEuropa_VA2-1536x2048.jpg 1536w, https:\/\/efb.at\/wp-content\/uploads\/2026\/06\/TreffpunktEuropa_VA2-scaled.jpg 1920w\" sizes=\"auto, (max-width: 768px) 100vw, 768px\" \/><\/figure>\n","protected":false},"excerpt":{"rendered":"<p>Am 26. Mai 2026 fand zum zweiten Mal der Stammtisch der EFB Wien unter dem Titel &#8222;Treffpunkt Europa&#8220; im Caf\u00e9 Ministerium statt. Mag.a&nbsp;Susanne Weber, Stellvertretende Abteilungsleiterin zur Europakommunikation im Bundeskanzleramt, gab Einblicke in die T\u00e4tigkeit als zwischen den Ministerien koordinierende Kraft der Kommunikation europ\u00e4ischer Perspektiven und stellte unterschiedliche Ma\u00dfnahmen zur [&hellip;]<\/p>\n","protected":false},"author":1,"featured_media":849,"comment_status":"closed","ping_status":"closed","sticky":false,"template":"","format":"standard","meta":{"footnotes":""},"categories":[1,9],"tags":[],"class_list":["post-848","post","type-post","status-publish","format-standard","has-post-thumbnail","hentry","category-efb-at","category-efb-wien"],"_links":{"self":[{"href":"https:\/\/efb.at\/index.php?rest_route=\/wp\/v2\/posts\/848","targetHints":{"allow":["GET"]}}],"collection":[{"href":"https:\/\/efb.at\/index.php?rest_route=\/wp\/v2\/posts"}],"about":[{"href":"https:\/\/efb.at\/index.php?rest_route=\/wp\/v2\/types\/post"}],"author":[{"embeddable":true,"href":"https:\/\/efb.at\/index.php?rest_route=\/wp\/v2\/users\/1"}],"replies":[{"embeddable":true,"href":"https:\/\/efb.at\/index.php?rest_route=%2Fwp%2Fv2%2Fcomments&post=848"}],"version-history":[{"count":5,"href":"https:\/\/efb.at\/index.php?rest_route=\/wp\/v2\/posts\/848\/revisions"}],"predecessor-version":[{"id":955,"href":"https:\/\/efb.at\/index.php?rest_route=\/wp\/v2\/posts\/848\/revisions\/955"}],"wp:featuredmedia":[{"embeddable":true,"href":"https:\/\/efb.at\/index.php?rest_route=\/wp\/v2\/media\/849"}],"wp:attachment":[{"href":"https:\/\/efb.at\/index.php?rest_route=%2Fwp%2Fv2%2Fmedia&parent=848"}],"wp:term":[{"taxonomy":"category","embeddable":true,"href":"https:\/\/efb.at\/index.php?rest_route=%2Fwp%2Fv2%2Fcategories&post=848"},{"taxonomy":"post_tag","embeddable":true,"href":"https:\/\/efb.at\/index.php?rest_route=%2Fwp%2Fv2%2Ftags&post=848"}],"curies":[{"name":"wp","href":"https:\/\/api.w.org\/{rel}","templated":true}]}}